{"id":3563,"date":"2026-03-31T23:46:43","date_gmt":"2026-04-01T02:46:43","guid":{"rendered":"https:\/\/vitalclima.cl\/?p=3563"},"modified":"2026-03-31T23:46:43","modified_gmt":"2026-04-01T02:46:43","slug":"die-wirksamkeit-und-anwendung-von-melanotan-2-peptid-kur","status":"publish","type":"post","link":"https:\/\/vitalclima.cl\/index.php\/2026\/03\/31\/die-wirksamkeit-und-anwendung-von-melanotan-2-peptid-kur\/","title":{"rendered":"Die Wirksamkeit und Anwendung von Melanotan 2 Peptid Kur"},"content":{"rendered":"<p>Melanotan 2 ist ein synthetisches Peptid, das vor allem f\u00fcr seine F\u00e4higkeit bekannt ist, die Melaninproduktion in der Haut zu erh\u00f6hen. Es wird h\u00e4ufig von Personen verwendet, die eine schnellere und intensivere Br\u00e4unung der Haut erreichen wollen, ohne sich \u00fcber l\u00e4ngere Zeit der Sonne aussetzen zu m\u00fcssen. Diese Methode kann f\u00fcr viele Menschen attraktiv sein, insbesondere in Regionen mit geringen Sonneneinstrahlungen.<\/p>\n<p><a href=\"https:\/\/icgcevangeltemple.org\/?p=2413\">https:\/\/icgcevangeltemple.org\/?p=2413<\/a><\/p>\n<h2>Wie funktioniert Melanotan 2?<\/h2>\n<p>Melanotan 2 wirkt, indem es die Aktivit\u00e4t der Melanozyten, die Hautzellen, die f\u00fcr die Produktion von Melanin verantwortlich sind, stimuliert. Dies f\u00fchrt zu einer verst\u00e4rkten Pigmentierung der Haut, was in einer schnelleren Br\u00e4unung resultiert. Dabei gibt es einige wichtige Punkte, die Nutzer beachten sollten:<\/p>\n<ol>\n<li><strong>Dosierung:<\/strong> Die empfohlene Dosierung kann variieren und sollte individuell abgestimmt werden. Eine zu hohe Dosierung kann mit Nebenwirkungen verbunden sein.<\/li>\n<li><strong>Anwendung:<\/strong> Melanotan 2 wird in der Regel subkutan injiziert. Die richtige Technik ist wichtig, um Infektionen oder andere Komplikationen zu vermeiden.<\/li>\n<li><strong>Vorbereitung:<\/strong> Eine gute Vorbereitung und Information vor der Anwendung kann helfen, negative Erfahrungen zu minimieren.<\/li>\n<\/ol>\n<h2>M\u00f6gliche Nebenwirkungen<\/h2>\n<p>Wie bei vielen anderen Substanzen kann auch die Anwendung von Melanotan 2 mit Nebenwirkungen verbunden sein. Zu den h\u00e4ufigsten Nebenwirkungen geh\u00f6ren:<\/p>\n<ul>\n<li>Appetitlosigkeit<\/li>\n<li>Nausea oder \u00dcbelkeit<\/li>\n<li>R\u00f6tungen an der Injektionsstelle<\/li>\n<li>Erh\u00f6hte Libido<\/li>\n<\/ul>\n<p>Es ist wichtig, dass Nutzer sich dieser m\u00f6glichen Effekte bewusst sind und im Falle von schwerwiegenden Symptomen oder allergischen Reaktionen einen Arzt konsultieren.<\/p>\n<h2>Rechtliche Situation und Kauf<\/h2>\n<p>Die rechtliche Situation bez\u00fcglich der Beschaffung und Verwendung von Melanotan 2 unterscheidet sich von Land zu Land. In vielen L\u00e4ndern ist der Verkauf und die Verwendung von Melanotan 2 nicht reguliert, was zu einer unklaren Qualit\u00e4tssituation f\u00fchren kann. Es wird empfohlen, nur von vertrauensw\u00fcrdigen Quellen zu kaufen, um die Sicherheit und Reinheit des Produkts zu gew\u00e4hrleisten.<\/p>\n<p>Insgesamt kann eine Melanotan 2 Peptid Kur sowohl Vor- als auch Nachteile mit sich bringen. Es ist entscheidend, sich ausreichend zu informieren und die pers\u00f6nliche Gesundheit im Blick zu behalten, bevor man eine solche Kur beginnt.<\/p>\n","protected":false},"excerpt":{"rendered":"<p>Melanotan 2 ist ein synthetisches Peptid, das vor allem f\u00fcr seine F\u00e4higkeit bekannt ist, die Melaninproduktion in der Haut zu erh\u00f6hen. Es wird h\u00e4ufig von Personen verwendet, die eine schnellere und intensivere Br\u00e4unung der Haut erreichen wollen, ohne sich \u00fcber l\u00e4ngere Zeit der Sonne aussetzen zu m\u00fcssen. Diese Methode kann f\u00fcr viele Menschen attraktiv sein, [&hellip;]<\/p>\n","protected":false},"author":1,"featured_media":0,"comment_status":"closed","ping_status":"open","sticky":false,"template":"","format":"standard","meta":{"footnotes":""},"categories":[1],"tags":[],"class_list":["post-3563","post","type-post","status-publish","format-standard","hentry","category-sin-categoria"],"yoast_head":"<!-- This site is optimized with the Yoast SEO plugin v22.6 - https:\/\/yoast.com\/wordpress\/plugins\/seo\/ -->\n<title>Die Wirksamkeit und Anwendung von Melanotan 2 Peptid Kur - Vitalclima<\/title>\n<meta name=\"robots\" content=\"index, follow, max-snippet:-1, max-image-preview:large, max-video-preview:-1\" \/>\n<link rel=\"canonical\" href=\"https:\/\/vitalclima.cl\/index.php\/2026\/03\/31\/die-wirksamkeit-und-anwendung-von-melanotan-2-peptid-kur\/\" \/>\n<meta property=\"og:locale\" content=\"es_ES\" \/>\n<meta property=\"og:type\" content=\"article\" \/>\n<meta property=\"og:title\" content=\"Die Wirksamkeit und Anwendung von Melanotan 2 Peptid Kur - Vitalclima\" \/>\n<meta property=\"og:description\" content=\"Melanotan 2 ist ein synthetisches Peptid, das vor allem f\u00fcr seine F\u00e4higkeit bekannt ist, die Melaninproduktion in der Haut zu erh\u00f6hen. Es wird h\u00e4ufig von Personen verwendet, die eine schnellere und intensivere Br\u00e4unung der Haut erreichen wollen, ohne sich \u00fcber l\u00e4ngere Zeit der Sonne aussetzen zu m\u00fcssen. Diese Methode kann f\u00fcr viele Menschen attraktiv sein, [&hellip;]\" \/>\n<meta property=\"og:url\" content=\"https:\/\/vitalclima.cl\/index.php\/2026\/03\/31\/die-wirksamkeit-und-anwendung-von-melanotan-2-peptid-kur\/\" \/>\n<meta property=\"og:site_name\" content=\"Vitalclima\" \/>\n<meta property=\"article:published_time\" content=\"2026-04-01T02:46:43+00:00\" \/>\n<meta name=\"author\" content=\"publicita\" \/>\n<meta name=\"twitter:card\" content=\"summary_large_image\" \/>\n<meta name=\"twitter:label1\" content=\"Written by\" \/>\n\t<meta name=\"twitter:data1\" content=\"publicita\" \/>\n\t<meta name=\"twitter:label2\" content=\"Tiempo estimado de lectura\" \/>\n\t<meta name=\"twitter:data2\" content=\"2 minutos\" \/>\n<script type=\"application\/ld+json\" class=\"yoast-schema-graph\">{\"@context\":\"https:\/\/schema.org\",\"@graph\":[{\"@type\":\"Article\",\"@id\":\"https:\/\/vitalclima.cl\/index.php\/2026\/03\/31\/die-wirksamkeit-und-anwendung-von-melanotan-2-peptid-kur\/#article\",\"isPartOf\":{\"@id\":\"https:\/\/vitalclima.cl\/index.php\/2026\/03\/31\/die-wirksamkeit-und-anwendung-von-melanotan-2-peptid-kur\/\"},\"author\":{\"name\":\"publicita\",\"@id\":\"https:\/\/vitalclima.cl\/#\/schema\/person\/79c686a08e132e17455880bdb3a8badd\"},\"headline\":\"Die Wirksamkeit und Anwendung von Melanotan 2 Peptid Kur\",\"datePublished\":\"2026-04-01T02:46:43+00:00\",\"dateModified\":\"2026-04-01T02:46:43+00:00\",\"mainEntityOfPage\":{\"@id\":\"https:\/\/vitalclima.cl\/index.php\/2026\/03\/31\/die-wirksamkeit-und-anwendung-von-melanotan-2-peptid-kur\/\"},\"wordCount\":347,\"publisher\":{\"@id\":\"https:\/\/vitalclima.cl\/#organization\"},\"inLanguage\":\"es-CL\"},{\"@type\":\"WebPage\",\"@id\":\"https:\/\/vitalclima.cl\/index.php\/2026\/03\/31\/die-wirksamkeit-und-anwendung-von-melanotan-2-peptid-kur\/\",\"url\":\"https:\/\/vitalclima.cl\/index.php\/2026\/03\/31\/die-wirksamkeit-und-anwendung-von-melanotan-2-peptid-kur\/\",\"name\":\"Die Wirksamkeit und Anwendung von Melanotan 2 Peptid Kur - Vitalclima\",\"isPartOf\":{\"@id\":\"https:\/\/vitalclima.cl\/#website\"},\"datePublished\":\"2026-04-01T02:46:43+00:00\",\"dateModified\":\"2026-04-01T02:46:43+00:00\",\"breadcrumb\":{\"@id\":\"https:\/\/vitalclima.cl\/index.php\/2026\/03\/31\/die-wirksamkeit-und-anwendung-von-melanotan-2-peptid-kur\/#breadcrumb\"},\"inLanguage\":\"es-CL\",\"potentialAction\":[{\"@type\":\"ReadAction\",\"target\":[\"https:\/\/vitalclima.cl\/index.php\/2026\/03\/31\/die-wirksamkeit-und-anwendung-von-melanotan-2-peptid-kur\/\"]}]},{\"@type\":\"BreadcrumbList\",\"@id\":\"https:\/\/vitalclima.cl\/index.php\/2026\/03\/31\/die-wirksamkeit-und-anwendung-von-melanotan-2-peptid-kur\/#breadcrumb\",\"itemListElement\":[{\"@type\":\"ListItem\",\"position\":1,\"name\":\"Portada\",\"item\":\"https:\/\/vitalclima.cl\/\"},{\"@type\":\"ListItem\",\"position\":2,\"name\":\"Die Wirksamkeit und Anwendung von Melanotan 2 Peptid Kur\"}]},{\"@type\":\"WebSite\",\"@id\":\"https:\/\/vitalclima.cl\/#website\",\"url\":\"https:\/\/vitalclima.cl\/\",\"name\":\"Vitalclima\",\"description\":\"Productos de calidad y un servicio personalizado\",\"publisher\":{\"@id\":\"https:\/\/vitalclima.cl\/#organization\"},\"potentialAction\":[{\"@type\":\"SearchAction\",\"target\":{\"@type\":\"EntryPoint\",\"urlTemplate\":\"https:\/\/vitalclima.cl\/?s={search_term_string}\"},\"query-input\":\"required name=search_term_string\"}],\"inLanguage\":\"es-CL\"},{\"@type\":\"Organization\",\"@id\":\"https:\/\/vitalclima.cl\/#organization\",\"name\":\"Vitalclima\",\"url\":\"https:\/\/vitalclima.cl\/\",\"logo\":{\"@type\":\"ImageObject\",\"inLanguage\":\"es-CL\",\"@id\":\"https:\/\/vitalclima.cl\/#\/schema\/logo\/image\/\",\"url\":\"https:\/\/vitalclima.cl\/wp-content\/uploads\/2024\/04\/logo-vitalcima-web-ok.jpg\",\"contentUrl\":\"https:\/\/vitalclima.cl\/wp-content\/uploads\/2024\/04\/logo-vitalcima-web-ok.jpg\",\"width\":720,\"height\":502,\"caption\":\"Vitalclima\"},\"image\":{\"@id\":\"https:\/\/vitalclima.cl\/#\/schema\/logo\/image\/\"}},{\"@type\":\"Person\",\"@id\":\"https:\/\/vitalclima.cl\/#\/schema\/person\/79c686a08e132e17455880bdb3a8badd\",\"name\":\"publicita\",\"image\":{\"@type\":\"ImageObject\",\"inLanguage\":\"es-CL\",\"@id\":\"https:\/\/vitalclima.cl\/#\/schema\/person\/image\/\",\"url\":\"https:\/\/secure.gravatar.com\/avatar\/68e7fccdb1e870bfc0cd241e7619b5576c9270779485add19f87450fd1054c71?s=96&d=mm&r=g\",\"contentUrl\":\"https:\/\/secure.gravatar.com\/avatar\/68e7fccdb1e870bfc0cd241e7619b5576c9270779485add19f87450fd1054c71?s=96&d=mm&r=g\",\"caption\":\"publicita\"},\"sameAs\":[\"https:\/\/vitalclima.cl\"],\"url\":\"https:\/\/vitalclima.cl\/index.php\/author\/publicita\/\"}]}<\/script>\n<!-- \/ Yoast SEO plugin. -->","yoast_head_json":{"title":"Die Wirksamkeit und Anwendung von Melanotan 2 Peptid Kur - Vitalclima","robots":{"index":"index","follow":"follow","max-snippet":"max-snippet:-1","max-image-preview":"max-image-preview:large","max-video-preview":"max-video-preview:-1"},"canonical":"https:\/\/vitalclima.cl\/index.php\/2026\/03\/31\/die-wirksamkeit-und-anwendung-von-melanotan-2-peptid-kur\/","og_locale":"es_ES","og_type":"article","og_title":"Die Wirksamkeit und Anwendung von Melanotan 2 Peptid Kur - Vitalclima","og_description":"Melanotan 2 ist ein synthetisches Peptid, das vor allem f\u00fcr seine F\u00e4higkeit bekannt ist, die Melaninproduktion in der Haut zu erh\u00f6hen. Es wird h\u00e4ufig von Personen verwendet, die eine schnellere und intensivere Br\u00e4unung der Haut erreichen wollen, ohne sich \u00fcber l\u00e4ngere Zeit der Sonne aussetzen zu m\u00fcssen. Diese Methode kann f\u00fcr viele Menschen attraktiv sein, [&hellip;]","og_url":"https:\/\/vitalclima.cl\/index.php\/2026\/03\/31\/die-wirksamkeit-und-anwendung-von-melanotan-2-peptid-kur\/","og_site_name":"Vitalclima","article_published_time":"2026-04-01T02:46:43+00:00","author":"publicita","twitter_card":"summary_large_image","twitter_misc":{"Written by":"publicita","Tiempo estimado de lectura":"2 minutos"},"schema":{"@context":"https:\/\/schema.org","@graph":[{"@type":"Article","@id":"https:\/\/vitalclima.cl\/index.php\/2026\/03\/31\/die-wirksamkeit-und-anwendung-von-melanotan-2-peptid-kur\/#article","isPartOf":{"@id":"https:\/\/vitalclima.cl\/index.php\/2026\/03\/31\/die-wirksamkeit-und-anwendung-von-melanotan-2-peptid-kur\/"},"author":{"name":"publicita","@id":"https:\/\/vitalclima.cl\/#\/schema\/person\/79c686a08e132e17455880bdb3a8badd"},"headline":"Die Wirksamkeit und Anwendung von Melanotan 2 Peptid Kur","datePublished":"2026-04-01T02:46:43+00:00","dateModified":"2026-04-01T02:46:43+00:00","mainEntityOfPage":{"@id":"https:\/\/vitalclima.cl\/index.php\/2026\/03\/31\/die-wirksamkeit-und-anwendung-von-melanotan-2-peptid-kur\/"},"wordCount":347,"publisher":{"@id":"https:\/\/vitalclima.cl\/#organization"},"inLanguage":"es-CL"},{"@type":"WebPage","@id":"https:\/\/vitalclima.cl\/index.php\/2026\/03\/31\/die-wirksamkeit-und-anwendung-von-melanotan-2-peptid-kur\/","url":"https:\/\/vitalclima.cl\/index.php\/2026\/03\/31\/die-wirksamkeit-und-anwendung-von-melanotan-2-peptid-kur\/","name":"Die Wirksamkeit und Anwendung von Melanotan 2 Peptid Kur - Vitalclima","isPartOf":{"@id":"https:\/\/vitalclima.cl\/#website"},"datePublished":"2026-04-01T02:46:43+00:00","dateModified":"2026-04-01T02:46:43+00:00","breadcrumb":{"@id":"https:\/\/vitalclima.cl\/index.php\/2026\/03\/31\/die-wirksamkeit-und-anwendung-von-melanotan-2-peptid-kur\/#breadcrumb"},"inLanguage":"es-CL","potentialAction":[{"@type":"ReadAction","target":["https:\/\/vitalclima.cl\/index.php\/2026\/03\/31\/die-wirksamkeit-und-anwendung-von-melanotan-2-peptid-kur\/"]}]},{"@type":"BreadcrumbList","@id":"https:\/\/vitalclima.cl\/index.php\/2026\/03\/31\/die-wirksamkeit-und-anwendung-von-melanotan-2-peptid-kur\/#breadcrumb","itemListElement":[{"@type":"ListItem","position":1,"name":"Portada","item":"https:\/\/vitalclima.cl\/"},{"@type":"ListItem","position":2,"name":"Die Wirksamkeit und Anwendung von Melanotan 2 Peptid Kur"}]},{"@type":"WebSite","@id":"https:\/\/vitalclima.cl\/#website","url":"https:\/\/vitalclima.cl\/","name":"Vitalclima","description":"Productos de calidad y un servicio personalizado","publisher":{"@id":"https:\/\/vitalclima.cl\/#organization"},"potentialAction":[{"@type":"SearchAction","target":{"@type":"EntryPoint","urlTemplate":"https:\/\/vitalclima.cl\/?s={search_term_string}"},"query-input":"required name=search_term_string"}],"inLanguage":"es-CL"},{"@type":"Organization","@id":"https:\/\/vitalclima.cl\/#organization","name":"Vitalclima","url":"https:\/\/vitalclima.cl\/","logo":{"@type":"ImageObject","inLanguage":"es-CL","@id":"https:\/\/vitalclima.cl\/#\/schema\/logo\/image\/","url":"https:\/\/vitalclima.cl\/wp-content\/uploads\/2024\/04\/logo-vitalcima-web-ok.jpg","contentUrl":"https:\/\/vitalclima.cl\/wp-content\/uploads\/2024\/04\/logo-vitalcima-web-ok.jpg","width":720,"height":502,"caption":"Vitalclima"},"image":{"@id":"https:\/\/vitalclima.cl\/#\/schema\/logo\/image\/"}},{"@type":"Person","@id":"https:\/\/vitalclima.cl\/#\/schema\/person\/79c686a08e132e17455880bdb3a8badd","name":"publicita","image":{"@type":"ImageObject","inLanguage":"es-CL","@id":"https:\/\/vitalclima.cl\/#\/schema\/person\/image\/","url":"https:\/\/secure.gravatar.com\/avatar\/68e7fccdb1e870bfc0cd241e7619b5576c9270779485add19f87450fd1054c71?s=96&d=mm&r=g","contentUrl":"https:\/\/secure.gravatar.com\/avatar\/68e7fccdb1e870bfc0cd241e7619b5576c9270779485add19f87450fd1054c71?s=96&d=mm&r=g","caption":"publicita"},"sameAs":["https:\/\/vitalclima.cl"],"url":"https:\/\/vitalclima.cl\/index.php\/author\/publicita\/"}]}},"_links":{"self":[{"href":"https:\/\/vitalclima.cl\/index.php\/wp-json\/wp\/v2\/posts\/3563","targetHints":{"allow":["GET"]}}],"collection":[{"href":"https:\/\/vitalclima.cl\/index.php\/wp-json\/wp\/v2\/posts"}],"about":[{"href":"https:\/\/vitalclima.cl\/index.php\/wp-json\/wp\/v2\/types\/post"}],"author":[{"embeddable":true,"href":"https:\/\/vitalclima.cl\/index.php\/wp-json\/wp\/v2\/users\/1"}],"replies":[{"embeddable":true,"href":"https:\/\/vitalclima.cl\/index.php\/wp-json\/wp\/v2\/comments?post=3563"}],"version-history":[{"count":1,"href":"https:\/\/vitalclima.cl\/index.php\/wp-json\/wp\/v2\/posts\/3563\/revisions"}],"predecessor-version":[{"id":3564,"href":"https:\/\/vitalclima.cl\/index.php\/wp-json\/wp\/v2\/posts\/3563\/revisions\/3564"}],"wp:attachment":[{"href":"https:\/\/vitalclima.cl\/index.php\/wp-json\/wp\/v2\/media?parent=3563"}],"wp:term":[{"taxonomy":"category","embeddable":true,"href":"https:\/\/vitalclima.cl\/index.php\/wp-json\/wp\/v2\/categories?post=3563"},{"taxonomy":"post_tag","embeddable":true,"href":"https:\/\/vitalclima.cl\/index.php\/wp-json\/wp\/v2\/tags?post=3563"}],"curies":[{"name":"wp","href":"https:\/\/api.w.org\/{rel}","templated":true}]}}