{"id":4603,"date":"2026-02-11T07:24:50","date_gmt":"2026-02-11T10:24:50","guid":{"rendered":"https:\/\/vitalclima.cl\/?p=4603"},"modified":"2026-04-07T21:25:05","modified_gmt":"2026-04-08T00:25:05","slug":"sepp-kuss-vikipedi-2","status":"publish","type":"post","link":"https:\/\/vitalclima.cl\/index.php\/2026\/02\/11\/sepp-kuss-vikipedi-2\/","title":{"rendered":"Sepp Kuss Vikipedi"},"content":{"rendered":"<div id=\"toc\" style=\"background: #f9f9f9;border: 1px solid #aaa;display: table;margin-bottom: 1em;padding: 1em;width: 350px;\">\n<p class=\"toctitle\" style=\"font-weight: 700;text-align: center;\">Content<\/p>\n<ul class=\"toc_list\">\n<li><a href=\"#toc-0\">Kuss Dental<\/a><\/li>\n<li><a href=\"#toc-3\">Equipos<\/a><\/li>\n<li><a href=\"#toc-4\">Visma counting on Kuss comeback<\/a><\/li>\n<\/ul>\n<\/div>\n<p>Explorar nuestros cat\u00e1logos es una experiencia que permite descubrir la amplitud y variedad de productos, desde pr\u00f3tesis fijas, implantes y material prot\u00e9sico hasta equipamiento especializado y soluciones innovadoras para laboratorio dental. En Kuss Dental, no solo nos preocupamos por ofrecer productos de primera calidad, sino tambi\u00e9n por brindar un servicio integral que acompa\u00f1e a nuestros clientes en todo momento. Nuestros cat\u00e1logos incluyen una amplia gama de productos de Kuss Dental, as\u00ed como de marcas l\u00edderes como Baumann, Detax, DFS, Dreve, Rhein, Reitel, Renfert, Schick Dental, Si-Tec, Yeti Dental y ZL.<\/p>\n<h2 id=\"toc-0\">Kuss Dental<\/h2>\n<p>Con casi 200 kil\u00f3metros, ser\u00e1 la m\u00e1s larga de esta edici\u00f3n con un trayecto que unir\u00e1 de Pamplona y Lodosa. Los equipos se presentar\u00e1n en la pista del coliseo azulgrana tras el partido que disputar\u00e1n el Baskonia y el B\u00e1squet Girona el 6 de abril. Abraham Olano, por su parte, se\u00f1al\u00f3 ante los medios de comunicaci\u00f3n que cualquier integrante del UAE es candidato a la victoria final y destac\u00f3 la presencia de los j\u00f3venes y la representaci\u00f3n vasca en una carrera que, a su juicio, podr\u00eda comenzar con la Pello Bilbao en la contrarreloj inicial. A la presentaci\u00f3n asistieron los exciclistas, Joseba Beloki, Abraham Olano y Roberto Laiseka, adem\u00e1s del actual seleccionador nacional de ciclocr\u00f3s, Javier Ruiz de Larrinaga.<\/p>\n<p>Contamos con fabricaci\u00f3n propia para asegurar la m\u00e1s alta calidad en los productos que distribuimos, y estamos siempre atentos a las novedades del sector. Supervisamos todo el proceso desde su ideaci\u00f3n hasta su distribuci\u00f3n de nuestros productos pasando por la formaci\u00f3n necesaria para su aplicaci\u00f3n en el lugar de trabajo. Esto permite a nuestro equipo centrarse en las actividades propias de la compa\u00f1\u00eda, trasladando a profesionales externos ciertos procesos y aprovechando sus conocimientos, habilidades y tecnolog\u00eda. Y por ello ofrecemos nuestros productos al por mayor (dep\u00f3sitos dentales) y al detalle (para cl\u00ednicas y laboratorios); siempre pensando en lo mejor para nuestros clientes. Nuestros productos llevan inherente el prop\u00f3sito de agilizar y simplificar los flujos de trabajo al laboratorio o a la cl\u00ednica dental.<\/p>\n<p>Casado en dos ocasiones, padre de dos hijos y con dos nietos, as\u00ed es la vida personal de Pepe Domingo Casta\u00f1o Desde entones, la ciclista ha compartido varios momentos de aquel d\u00eda tan bonito para ellos. Ahora, el ciclista del Jumbo-Visma ha conquistado este t\u00edtulo que, en un primer momento, era dif\u00edcil de imaginar.<\/p>\n<h3 id=\"toc-1\">Cu\u00e1l Es La Visi\u00f3n De Kuss Dental\u200b<\/h3>\n<p>Junto a un equipo de cient\u00edficos en Alemania desarrollamos productos dentales de una forma individualizada. A pesar de esto, termin\u00f3 en el puesto 16.\u00ba en la general y 5.\u00ba en la clasificaci\u00f3n de la monta\u00f1a, pero lo m\u00e1s importante es que su compa\u00f1ero de equipo gan\u00f3 la carrera por segundo a\u00f1o consecutivo.\u200b Sus resultados le valieron un contrato de temporada completa con el equipo Rally Cycling al a\u00f1o siguiente, habi\u00e9ndose unido al equipo a principios de 2016. Kuss tuvo tambi\u00e9n una excelente actuaci\u00f3n en los campeonatos universitarios de ciclismo en ruta con el equipo de la Universidad de Colorado en Boulder ese a\u00f1o. Su primer gran resultado fue una victoria sorpresa en una etapa final en la cima del Redlands Bicycle Classic. El pelot\u00f3n tendr\u00e1 que cruzar otros siete altos en la cuarta etapa que partir\u00e1 de la localidad guipuzcoana de Beasain para acabar cerca de la costa, en Markina-Xemein.<\/p>\n<h3 id=\"toc-2\">La pareja, que se casaba en octubre del a\u00f1o pasado, se conoci\u00f3 cuando el ciclista estadounidense lleg\u00f3 a Europa en 2018<\/h3>\n<p>Joseba Beloki se mostr\u00f3 satisfecho con el recorrido, que pasa tambi\u00e9n por Navarra, y destac\u00f3 la etapa con final en Beasain, donde \u201cla ratonera de Lazkaomendi\u201d, puede generar movimientos, as\u00ed como la etapa de Gernika. Sin embargo, los seguidores del ciclismo vasco podr\u00e1n ver en la carretera a figuras como Aleksandr Vlasov (Red Bull); Ben Healy y Markel Beloki (Education First); Pello Bilbao (Bahrain); Bauke Mollema (Lidl-Trek); Marc Hirschi (Tudor); Ilan Van Wilder (Soudal Quick-Step); o Urko Berrade (Kern Pharma), ganador de la etapa alavesa de la pasada Vuelta a Espa\u00f1a. Durante este a\u00f1o ha sido cuando Sepp Kuss ha explotado todo su talento y ha participado en las tres grandes competiciones.<\/p>\n<p>Escuchamos las ideas de nuestros clientes y estamos al d\u00eda en las innovaciones que surgen en la investigaci\u00f3n para dise\u00f1ar los productos desde la fase de desarrollo hasta su madurez. Nuestro equipo est\u00e1 formado por profesionales con amplia experiencia preparados para dar respuesta a sus necesidades. Kuss Dental es pionera en el desarrollo de la nueva generaci\u00f3n de productos fotopolimerizables que permiten un trabajo con mayor ajuste, m\u00e1s <a href=\"https:\/\/www.kuss.cl\/\">zapatos puntillas<\/a> limpio y r\u00e1pido.<\/p>\n<h2 id=\"toc-3\">Equipos<\/h2>\n<p>Adem\u00e1s de distribuir los productos m\u00e1s punteros del sector tambi\u00e9n fabricamos nuestra propia marca \u201cKiero\u201d, en la que destaca nuestra gama de consumibles cuyo prop\u00f3sito es proporcionar productos de alta calidad al prot\u00e9sico y odontoestomat\u00f3logo. El alto nivel de aplicaci\u00f3n de los tres pilares del I+D+i (investigaci\u00f3n, desarrollo e innovaci\u00f3n) implica una mayor fortaleza de nuestros productos y servicios; lo que nos hace destacar siendo nuestra marca sin\u00f3nimo de competitividad en el sector dental. Nuestro equipo est\u00e1 formado por profesionales con amplia experiencia preparados para dar respuesta a las necesidades de nuestros clientes. En 2016 comenz\u00f3 la temporada de ciclismo en ruta corriendo para el equipo amateur Gateway Harley Davidson-Trek. Cuatro puertos separar\u00e1n a estos municipios que unir\u00e1 el pelot\u00f3n en un trayecto de 172 kil\u00f3metros. La verdadera dureza llegar\u00e1 en la tercera jornada con un recorrido que unir\u00e1 Zarautz y Beasain a trav\u00e9s de siete puertos de monta\u00f1a en 156 kil\u00f3metros.<\/p>\n<p>Cada cat\u00e1logo re\u00fane productos de las marcas m\u00e1s reconocidas en odontolog\u00eda, garantizando calidad, innovaci\u00f3n y confianza. En Kuss Dental, entendemos la importancia de disponer de informaci\u00f3n completa y actualizada sobre productos dentales de alta calidad. Se trata de una perspectiva, apoyada en la literatura, que da sentido a esta obra de Klimt en un contexto iconogr\u00e1fico, no s\u00f3lo metaf\u00f3rico, de la historia del arte.\u200b\u200b Hay muchas reproducciones de este cuadro. Para Klimt la planitud de los mosaicos, su falta de perspectiva y profundidad s\u00f3lo mejoraban el brillo del oro, y \u00e9l comenz\u00f3 a hacer un uso sin precedentes de la hoja de oro y plata en su propia obra.\u200b Al mismo tiempo, el fondo evoca el conflicto entre dos y tres dimensiones, intr\u00ednsecas a la obra de Degas y otros modernistas. Las obras pusieron a Klimt como un &quot;enfant terrible&quot; por sus opiniones antiautoritarias y antipopulistas sobre el arte.<\/p>\n<ul>\n<li>Escuchamos las ideas de nuestros clientes y estamos al d\u00eda en las innovaciones que surgen en la investigaci\u00f3n para dise\u00f1ar los productos desde la fase de desarrollo hasta su madurez.<\/li>\n<li>Junto a un equipo de cient\u00edficos en Alemania desarrollamos productos dentales de una forma individualizada.<\/li>\n<li>El alto nivel de aplicaci\u00f3n de los tres pilares del I+D+i (investigaci\u00f3n, desarrollo e innovaci\u00f3n) implica una mayor fortaleza de nuestros productos y servicios; lo que nos hace destacar siendo nuestra marca sin\u00f3nimo de competitividad en el sector dental.<\/li>\n<li>Se trata de una perspectiva, apoyada en la literatura, que da sentido a esta obra de Klimt en un contexto iconogr\u00e1fico, no s\u00f3lo metaf\u00f3rico, de la historia del arte.\u200b\u200b Hay muchas reproducciones de este cuadro.<\/li>\n<li>Kuss Dental es pionera en el desarrollo de la nueva generaci\u00f3n de productos fotopolimerizables que permiten un trabajo con mayor ajuste, m\u00e1s limpio y r\u00e1pido.<\/li>\n<\/ul>\n<p>Muere a los 66 a\u00f1os Victor French, hijo de uno de los personajes m\u00e1s ic\u00f3nicos de &#8216;La casa de la pradera&#8217; Aunque su victoria m\u00e1s importante no lleg\u00f3 hasta 2021, donde consigui\u00f3 ganar una etapa en el Tour de Francia. Residente en Encamp, Andorra, el nombre del ciclista americano se ha mantenido alejado de las noticias, y los medios de comunicaci\u00f3n no han puesto tanto su foco en \u00e9l como ahora. Muere a los 80 a\u00f1os Pepe Domingo Casta\u00f1o, leyenda de la radio deportiva y expresentador de TVE El joven de 29 a\u00f1os ha sido una de las grandes sorpresas de la temporada.<\/p>\n","protected":false},"excerpt":{"rendered":"<p>Content Kuss Dental Equipos Visma counting on Kuss comeback Explorar nuestros cat\u00e1logos es una experiencia que permite descubrir la amplitud y variedad de productos, desde pr\u00f3tesis fijas, implantes y material prot\u00e9sico hasta equipamiento especializado y soluciones innovadoras para laboratorio dental. En Kuss Dental, no solo nos preocupamos por ofrecer productos de primera calidad, sino tambi\u00e9n [&hellip;]<\/p>\n","protected":false},"author":1,"featured_media":0,"comment_status":"open","ping_status":"open","sticky":false,"template":"","format":"standard","meta":{"footnotes":""},"categories":[48],"tags":[],"class_list":["post-4603","post","type-post","status-publish","format-standard","hentry","category-www-kuss-cl"],"yoast_head":"<!-- This site is optimized with the Yoast SEO plugin v22.6 - https:\/\/yoast.com\/wordpress\/plugins\/seo\/ -->\n<title>Sepp Kuss Vikipedi - Vitalclima<\/title>\n<meta name=\"robots\" content=\"index, follow, max-snippet:-1, max-image-preview:large, max-video-preview:-1\" \/>\n<link rel=\"canonical\" href=\"https:\/\/vitalclima.cl\/index.php\/2026\/02\/11\/sepp-kuss-vikipedi-2\/\" \/>\n<meta property=\"og:locale\" content=\"es_ES\" \/>\n<meta property=\"og:type\" content=\"article\" \/>\n<meta property=\"og:title\" content=\"Sepp Kuss Vikipedi - Vitalclima\" \/>\n<meta property=\"og:description\" content=\"Content Kuss Dental Equipos Visma counting on Kuss comeback Explorar nuestros cat\u00e1logos es una experiencia que permite descubrir la amplitud y variedad de productos, desde pr\u00f3tesis fijas, implantes y material prot\u00e9sico hasta equipamiento especializado y soluciones innovadoras para laboratorio dental. En Kuss Dental, no solo nos preocupamos por ofrecer productos de primera calidad, sino tambi\u00e9n [&hellip;]\" \/>\n<meta property=\"og:url\" content=\"https:\/\/vitalclima.cl\/index.php\/2026\/02\/11\/sepp-kuss-vikipedi-2\/\" \/>\n<meta property=\"og:site_name\" content=\"Vitalclima\" \/>\n<meta property=\"article:published_time\" content=\"2026-02-11T10:24:50+00:00\" \/>\n<meta property=\"article:modified_time\" content=\"2026-04-08T00:25:05+00:00\" \/>\n<meta name=\"author\" content=\"publicita\" \/>\n<meta name=\"twitter:card\" content=\"summary_large_image\" \/>\n<meta name=\"twitter:label1\" content=\"Written by\" \/>\n\t<meta name=\"twitter:data1\" content=\"publicita\" \/>\n\t<meta name=\"twitter:label2\" content=\"Tiempo estimado de lectura\" \/>\n\t<meta name=\"twitter:data2\" content=\"7 minutos\" \/>\n<script type=\"application\/ld+json\" class=\"yoast-schema-graph\">{\"@context\":\"https:\/\/schema.org\",\"@graph\":[{\"@type\":\"Article\",\"@id\":\"https:\/\/vitalclima.cl\/index.php\/2026\/02\/11\/sepp-kuss-vikipedi-2\/#article\",\"isPartOf\":{\"@id\":\"https:\/\/vitalclima.cl\/index.php\/2026\/02\/11\/sepp-kuss-vikipedi-2\/\"},\"author\":{\"name\":\"publicita\",\"@id\":\"https:\/\/vitalclima.cl\/#\/schema\/person\/79c686a08e132e17455880bdb3a8badd\"},\"headline\":\"Sepp Kuss Vikipedi\",\"datePublished\":\"2026-02-11T10:24:50+00:00\",\"dateModified\":\"2026-04-08T00:25:05+00:00\",\"mainEntityOfPage\":{\"@id\":\"https:\/\/vitalclima.cl\/index.php\/2026\/02\/11\/sepp-kuss-vikipedi-2\/\"},\"wordCount\":1416,\"commentCount\":0,\"publisher\":{\"@id\":\"https:\/\/vitalclima.cl\/#organization\"},\"articleSection\":[\"www.kuss.cl\"],\"inLanguage\":\"es-CL\",\"potentialAction\":[{\"@type\":\"CommentAction\",\"name\":\"Comment\",\"target\":[\"https:\/\/vitalclima.cl\/index.php\/2026\/02\/11\/sepp-kuss-vikipedi-2\/#respond\"]}]},{\"@type\":\"WebPage\",\"@id\":\"https:\/\/vitalclima.cl\/index.php\/2026\/02\/11\/sepp-kuss-vikipedi-2\/\",\"url\":\"https:\/\/vitalclima.cl\/index.php\/2026\/02\/11\/sepp-kuss-vikipedi-2\/\",\"name\":\"Sepp Kuss Vikipedi - Vitalclima\",\"isPartOf\":{\"@id\":\"https:\/\/vitalclima.cl\/#website\"},\"datePublished\":\"2026-02-11T10:24:50+00:00\",\"dateModified\":\"2026-04-08T00:25:05+00:00\",\"breadcrumb\":{\"@id\":\"https:\/\/vitalclima.cl\/index.php\/2026\/02\/11\/sepp-kuss-vikipedi-2\/#breadcrumb\"},\"inLanguage\":\"es-CL\",\"potentialAction\":[{\"@type\":\"ReadAction\",\"target\":[\"https:\/\/vitalclima.cl\/index.php\/2026\/02\/11\/sepp-kuss-vikipedi-2\/\"]}]},{\"@type\":\"BreadcrumbList\",\"@id\":\"https:\/\/vitalclima.cl\/index.php\/2026\/02\/11\/sepp-kuss-vikipedi-2\/#breadcrumb\",\"itemListElement\":[{\"@type\":\"ListItem\",\"position\":1,\"name\":\"Portada\",\"item\":\"https:\/\/vitalclima.cl\/\"},{\"@type\":\"ListItem\",\"position\":2,\"name\":\"Sepp Kuss Vikipedi\"}]},{\"@type\":\"WebSite\",\"@id\":\"https:\/\/vitalclima.cl\/#website\",\"url\":\"https:\/\/vitalclima.cl\/\",\"name\":\"Vitalclima\",\"description\":\"Productos de calidad y un servicio personalizado\",\"publisher\":{\"@id\":\"https:\/\/vitalclima.cl\/#organization\"},\"potentialAction\":[{\"@type\":\"SearchAction\",\"target\":{\"@type\":\"EntryPoint\",\"urlTemplate\":\"https:\/\/vitalclima.cl\/?s={search_term_string}\"},\"query-input\":\"required name=search_term_string\"}],\"inLanguage\":\"es-CL\"},{\"@type\":\"Organization\",\"@id\":\"https:\/\/vitalclima.cl\/#organization\",\"name\":\"Vitalclima\",\"url\":\"https:\/\/vitalclima.cl\/\",\"logo\":{\"@type\":\"ImageObject\",\"inLanguage\":\"es-CL\",\"@id\":\"https:\/\/vitalclima.cl\/#\/schema\/logo\/image\/\",\"url\":\"https:\/\/vitalclima.cl\/wp-content\/uploads\/2024\/04\/logo-vitalcima-web-ok.jpg\",\"contentUrl\":\"https:\/\/vitalclima.cl\/wp-content\/uploads\/2024\/04\/logo-vitalcima-web-ok.jpg\",\"width\":720,\"height\":502,\"caption\":\"Vitalclima\"},\"image\":{\"@id\":\"https:\/\/vitalclima.cl\/#\/schema\/logo\/image\/\"}},{\"@type\":\"Person\",\"@id\":\"https:\/\/vitalclima.cl\/#\/schema\/person\/79c686a08e132e17455880bdb3a8badd\",\"name\":\"publicita\",\"image\":{\"@type\":\"ImageObject\",\"inLanguage\":\"es-CL\",\"@id\":\"https:\/\/vitalclima.cl\/#\/schema\/person\/image\/\",\"url\":\"https:\/\/secure.gravatar.com\/avatar\/68e7fccdb1e870bfc0cd241e7619b5576c9270779485add19f87450fd1054c71?s=96&d=mm&r=g\",\"contentUrl\":\"https:\/\/secure.gravatar.com\/avatar\/68e7fccdb1e870bfc0cd241e7619b5576c9270779485add19f87450fd1054c71?s=96&d=mm&r=g\",\"caption\":\"publicita\"},\"sameAs\":[\"https:\/\/vitalclima.cl\"],\"url\":\"https:\/\/vitalclima.cl\/index.php\/author\/publicita\/\"}]}<\/script>\n<!-- \/ Yoast SEO plugin. -->","yoast_head_json":{"title":"Sepp Kuss Vikipedi - Vitalclima","robots":{"index":"index","follow":"follow","max-snippet":"max-snippet:-1","max-image-preview":"max-image-preview:large","max-video-preview":"max-video-preview:-1"},"canonical":"https:\/\/vitalclima.cl\/index.php\/2026\/02\/11\/sepp-kuss-vikipedi-2\/","og_locale":"es_ES","og_type":"article","og_title":"Sepp Kuss Vikipedi - Vitalclima","og_description":"Content Kuss Dental Equipos Visma counting on Kuss comeback Explorar nuestros cat\u00e1logos es una experiencia que permite descubrir la amplitud y variedad de productos, desde pr\u00f3tesis fijas, implantes y material prot\u00e9sico hasta equipamiento especializado y soluciones innovadoras para laboratorio dental. En Kuss Dental, no solo nos preocupamos por ofrecer productos de primera calidad, sino tambi\u00e9n [&hellip;]","og_url":"https:\/\/vitalclima.cl\/index.php\/2026\/02\/11\/sepp-kuss-vikipedi-2\/","og_site_name":"Vitalclima","article_published_time":"2026-02-11T10:24:50+00:00","article_modified_time":"2026-04-08T00:25:05+00:00","author":"publicita","twitter_card":"summary_large_image","twitter_misc":{"Written by":"publicita","Tiempo estimado de lectura":"7 minutos"},"schema":{"@context":"https:\/\/schema.org","@graph":[{"@type":"Article","@id":"https:\/\/vitalclima.cl\/index.php\/2026\/02\/11\/sepp-kuss-vikipedi-2\/#article","isPartOf":{"@id":"https:\/\/vitalclima.cl\/index.php\/2026\/02\/11\/sepp-kuss-vikipedi-2\/"},"author":{"name":"publicita","@id":"https:\/\/vitalclima.cl\/#\/schema\/person\/79c686a08e132e17455880bdb3a8badd"},"headline":"Sepp Kuss Vikipedi","datePublished":"2026-02-11T10:24:50+00:00","dateModified":"2026-04-08T00:25:05+00:00","mainEntityOfPage":{"@id":"https:\/\/vitalclima.cl\/index.php\/2026\/02\/11\/sepp-kuss-vikipedi-2\/"},"wordCount":1416,"commentCount":0,"publisher":{"@id":"https:\/\/vitalclima.cl\/#organization"},"articleSection":["www.kuss.cl"],"inLanguage":"es-CL","potentialAction":[{"@type":"CommentAction","name":"Comment","target":["https:\/\/vitalclima.cl\/index.php\/2026\/02\/11\/sepp-kuss-vikipedi-2\/#respond"]}]},{"@type":"WebPage","@id":"https:\/\/vitalclima.cl\/index.php\/2026\/02\/11\/sepp-kuss-vikipedi-2\/","url":"https:\/\/vitalclima.cl\/index.php\/2026\/02\/11\/sepp-kuss-vikipedi-2\/","name":"Sepp Kuss Vikipedi - Vitalclima","isPartOf":{"@id":"https:\/\/vitalclima.cl\/#website"},"datePublished":"2026-02-11T10:24:50+00:00","dateModified":"2026-04-08T00:25:05+00:00","breadcrumb":{"@id":"https:\/\/vitalclima.cl\/index.php\/2026\/02\/11\/sepp-kuss-vikipedi-2\/#breadcrumb"},"inLanguage":"es-CL","potentialAction":[{"@type":"ReadAction","target":["https:\/\/vitalclima.cl\/index.php\/2026\/02\/11\/sepp-kuss-vikipedi-2\/"]}]},{"@type":"BreadcrumbList","@id":"https:\/\/vitalclima.cl\/index.php\/2026\/02\/11\/sepp-kuss-vikipedi-2\/#breadcrumb","itemListElement":[{"@type":"ListItem","position":1,"name":"Portada","item":"https:\/\/vitalclima.cl\/"},{"@type":"ListItem","position":2,"name":"Sepp Kuss Vikipedi"}]},{"@type":"WebSite","@id":"https:\/\/vitalclima.cl\/#website","url":"https:\/\/vitalclima.cl\/","name":"Vitalclima","description":"Productos de calidad y un servicio personalizado","publisher":{"@id":"https:\/\/vitalclima.cl\/#organization"},"potentialAction":[{"@type":"SearchAction","target":{"@type":"EntryPoint","urlTemplate":"https:\/\/vitalclima.cl\/?s={search_term_string}"},"query-input":"required name=search_term_string"}],"inLanguage":"es-CL"},{"@type":"Organization","@id":"https:\/\/vitalclima.cl\/#organization","name":"Vitalclima","url":"https:\/\/vitalclima.cl\/","logo":{"@type":"ImageObject","inLanguage":"es-CL","@id":"https:\/\/vitalclima.cl\/#\/schema\/logo\/image\/","url":"https:\/\/vitalclima.cl\/wp-content\/uploads\/2024\/04\/logo-vitalcima-web-ok.jpg","contentUrl":"https:\/\/vitalclima.cl\/wp-content\/uploads\/2024\/04\/logo-vitalcima-web-ok.jpg","width":720,"height":502,"caption":"Vitalclima"},"image":{"@id":"https:\/\/vitalclima.cl\/#\/schema\/logo\/image\/"}},{"@type":"Person","@id":"https:\/\/vitalclima.cl\/#\/schema\/person\/79c686a08e132e17455880bdb3a8badd","name":"publicita","image":{"@type":"ImageObject","inLanguage":"es-CL","@id":"https:\/\/vitalclima.cl\/#\/schema\/person\/image\/","url":"https:\/\/secure.gravatar.com\/avatar\/68e7fccdb1e870bfc0cd241e7619b5576c9270779485add19f87450fd1054c71?s=96&d=mm&r=g","contentUrl":"https:\/\/secure.gravatar.com\/avatar\/68e7fccdb1e870bfc0cd241e7619b5576c9270779485add19f87450fd1054c71?s=96&d=mm&r=g","caption":"publicita"},"sameAs":["https:\/\/vitalclima.cl"],"url":"https:\/\/vitalclima.cl\/index.php\/author\/publicita\/"}]}},"_links":{"self":[{"href":"https:\/\/vitalclima.cl\/index.php\/wp-json\/wp\/v2\/posts\/4603","targetHints":{"allow":["GET"]}}],"collection":[{"href":"https:\/\/vitalclima.cl\/index.php\/wp-json\/wp\/v2\/posts"}],"about":[{"href":"https:\/\/vitalclima.cl\/index.php\/wp-json\/wp\/v2\/types\/post"}],"author":[{"embeddable":true,"href":"https:\/\/vitalclima.cl\/index.php\/wp-json\/wp\/v2\/users\/1"}],"replies":[{"embeddable":true,"href":"https:\/\/vitalclima.cl\/index.php\/wp-json\/wp\/v2\/comments?post=4603"}],"version-history":[{"count":1,"href":"https:\/\/vitalclima.cl\/index.php\/wp-json\/wp\/v2\/posts\/4603\/revisions"}],"predecessor-version":[{"id":4604,"href":"https:\/\/vitalclima.cl\/index.php\/wp-json\/wp\/v2\/posts\/4603\/revisions\/4604"}],"wp:attachment":[{"href":"https:\/\/vitalclima.cl\/index.php\/wp-json\/wp\/v2\/media?parent=4603"}],"wp:term":[{"taxonomy":"category","embeddable":true,"href":"https:\/\/vitalclima.cl\/index.php\/wp-json\/wp\/v2\/categories?post=4603"},{"taxonomy":"post_tag","embeddable":true,"href":"https:\/\/vitalclima.cl\/index.php\/wp-json\/wp\/v2\/tags?post=4603"}],"curies":[{"name":"wp","href":"https:\/\/api.w.org\/{rel}","templated":true}]}}